{"id":16519,"date":"2018-08-17T16:11:01","date_gmt":"2018-08-17T15:11:01","guid":{"rendered":"https:\/\/www.aneme.pt\/site\/?p=16519"},"modified":"2018-10-29T12:24:20","modified_gmt":"2018-10-29T12:24:20","slug":"linha-de-credito-capitalizar-2018","status":"publish","type":"post","link":"https:\/\/www.aneme.pt\/site\/2018\/08\/17\/linha-de-credito-capitalizar-2018\/","title":{"rendered":"Linha de Cr\u00e9dito Capitalizar 2018"},"content":{"rendered":"<p>Foi Lan\u00e7ada pelo Minist\u00e9rio da Economia, a 11 de julho de 2018, a Linha de Cr\u00e9dito Capitalizar 2018.<\/p>\n<p>As empresas podem contactar um dos bancos protocolados e apresentar a sua candidatura. Esta linha de cr\u00e9dito tem um montante global de 1.600 milh\u00f5es de euros e subdivide-se em cinco linhas espec\u00edficas:<\/p>\n<ul>\n<li>Linha \u201cMicro e Pequenas Empresas\u201d &#8211; no valor de 450 milh\u00f5es de euros, tem como objetivo melhorar as condi\u00e7\u00f5es e facilitar o acesso ao cr\u00e9dito \u00e0s Micro e Pequenas Empresas;<\/li>\n<li>Linha \u201cInd\u00fastria 4.0\/ Apoio \u00e0 Digitaliza\u00e7\u00e3o\u201d &#8211; no valor de 100 mi\u00adlh\u00f5es de euros, tem como objetivo melhorar e facilitar o acesso ao cr\u00e9dito \u00e0s empresas que desenvolvam, produzam ou adquiram solu\u00e7\u00f5es tecnol\u00f3gicas no \u00e2mbito da Ind\u00fastria 4.0;<\/li>\n<li>Linha \u201cFundo de Maneio\u201d &#8211; no valor 700 milh\u00f5es de euros, tem como objetivo financiar necessidades de fundo de maneio das empresas;<\/li>\n<li>Linha \u201cPlafond de Tesouraria\u201d &#8211; no valor de 150 milh\u00f5es de euros, tem como objetivo alargar a oferta de cr\u00e9dito em sistema de <em>revolving<\/em> conferindo uma maior flexibilidade \u00e0 gest\u00e3o de tesouraria;<\/li>\n<li>Linha \u201cInvestimento\u201d &#8211; esta Linha est\u00e1 estruturada da seguinte forma:<\/li>\n<\/ul>\n<p>a) Dota\u00e7\u00e3o \u201cProjetos 2020\u201d \u2013 no valor de 100 milh\u00f5es de euros, para opera\u00e7\u00f5es de financia\u00admento de despesas eleg\u00edveis de projetos aprovados e contratados no \u00e2mbito do Programa Portugal 2020.<\/p>\n<p>b) Dota\u00e7\u00e3o \u201cGeral\u201d \u2013 no valor de 100 milh\u00f5es de euros, para opera\u00e7\u00f5es de financiamento de projetos de investimentos localizados nas Regi\u00f5es NUT II de Lisboa e Algar\u00adve ou para projetos de investimento nas atividades desenvolvidas pela empresa enquadradas na lista de CAE a divulgar pela Entidade Gestora da Linha ou para empresas n\u00e3o PME tal como definido na Recomenda\u00e7\u00e3o 2003\/361\/CE.<\/p>\n<p>Esta informa\u00e7\u00e3o n\u00e3o prejudica a leitura integral do <a href=\"https:\/\/www.iapmei.pt\/getattachment\/Paginas\/Linha-de-Credito-Capitalizar-2018\/DocDivulgacaoLinhaCreditoCapitalizar2018.pdf.aspx?lang=pt-PT\" target=\"_blank\" rel=\"noopener\">documento de divulga\u00e7\u00e3o<\/a>.<\/p>\n<p><img decoding=\"async\" class=\"alignnone size-full wp-image-16520\" src=\"https:\/\/www.aneme.pt\/site\/wp-content\/uploads\/2018\/08\/Capitalizar2018.jpg\" alt=\"\" width=\"170\" height=\"170\" srcset=\"https:\/\/www.aneme.pt\/site\/wp-content\/uploads\/2018\/08\/Capitalizar2018-66x66.jpg 66w, https:\/\/www.aneme.pt\/site\/wp-content\/uploads\/2018\/08\/Capitalizar2018-100x100.jpg 100w, https:\/\/www.aneme.pt\/site\/wp-content\/uploads\/2018\/08\/Capitalizar2018-150x150.jpg 150w, https:\/\/www.aneme.pt\/site\/wp-content\/uploads\/2018\/08\/Capitalizar2018.jpg 170w\" sizes=\"(max-width: 170px) 100vw, 170px\" \/><\/p>\n","protected":false},"excerpt":{"rendered":"<p>Foi Lan\u00e7ada pelo Minist\u00e9rio da Economia, a 11 de julho de 2018, a Linha de Cr\u00e9dito Capitalizar 2018. As empresas podem contactar um dos bancos protocolados e apresentar a sua candidatura. Esta linha de cr\u00e9dito tem um montante global de 1.600 milh\u00f5es de euros e subdivide-se em cinco linhas espec\u00edficas: Linha \u201cMicro e Pequenas Empresas\u201d &#8211; [&hellip;]<\/p>\n","protected":false},"author":590,"featured_media":16723,"comment_status":"closed","ping_status":"closed","sticky":false,"template":"","format":"standard","meta":{"_cbd_carousel_blocks":"[]","footnotes":""},"categories":[328],"tags":[],"yoast_head":"<!-- This site is optimized with the Yoast SEO plugin v22.1 - https:\/\/yoast.com\/wordpress\/plugins\/seo\/ -->\n<title>Linha de Cr\u00e9dito Capitalizar 2018 - ANEME<\/title>\n<meta name=\"robots\" content=\"index, follow, max-snippet:-1, max-image-preview:large, max-video-preview:-1\" \/>\n<link rel=\"canonical\" href=\"https:\/\/www.aneme.pt\/site\/2018\/08\/17\/linha-de-credito-capitalizar-2018\/\" \/>\n<meta property=\"og:locale\" content=\"pt_PT\" \/>\n<meta property=\"og:type\" content=\"article\" \/>\n<meta property=\"og:title\" content=\"Linha de Cr\u00e9dito Capitalizar 2018 - ANEME\" \/>\n<meta property=\"og:description\" content=\"Foi Lan\u00e7ada pelo Minist\u00e9rio da Economia, a 11 de julho de 2018, a Linha de Cr\u00e9dito Capitalizar 2018. As empresas podem contactar um dos bancos protocolados e apresentar a sua candidatura. Esta linha de cr\u00e9dito tem um montante global de 1.600 milh\u00f5es de euros e subdivide-se em cinco linhas espec\u00edficas: Linha \u201cMicro e Pequenas Empresas\u201d &#8211; [&hellip;]\" \/>\n<meta property=\"og:url\" content=\"https:\/\/www.aneme.pt\/site\/2018\/08\/17\/linha-de-credito-capitalizar-2018\/\" \/>\n<meta property=\"og:site_name\" content=\"ANEME\" \/>\n<meta property=\"article:published_time\" content=\"2018-08-17T15:11:01+00:00\" \/>\n<meta property=\"article:modified_time\" content=\"2018-10-29T12:24:20+00:00\" \/>\n<meta property=\"og:image\" content=\"https:\/\/www.aneme.pt\/site\/wp-content\/uploads\/2018\/10\/capitalizar1-1.png\" \/>\n\t<meta property=\"og:image:width\" content=\"216\" \/>\n\t<meta property=\"og:image:height\" content=\"154\" \/>\n\t<meta property=\"og:image:type\" content=\"image\/png\" \/>\n<meta name=\"author\" content=\"marta.reis@aneme.pt\" \/>\n<meta name=\"twitter:card\" content=\"summary_large_image\" \/>\n<meta name=\"twitter:label1\" content=\"Escrito por\" \/>\n\t<meta name=\"twitter:data1\" content=\"marta.reis@aneme.pt\" \/>\n\t<meta name=\"twitter:label2\" content=\"Tempo estimado de leitura\" \/>\n\t<meta name=\"twitter:data2\" content=\"2 minutos\" \/>\n<script type=\"application\/ld+json\" class=\"yoast-schema-graph\">{\"@context\":\"https:\/\/schema.org\",\"@graph\":[{\"@type\":\"WebPage\",\"@id\":\"https:\/\/www.aneme.pt\/site\/2018\/08\/17\/linha-de-credito-capitalizar-2018\/\",\"url\":\"https:\/\/www.aneme.pt\/site\/2018\/08\/17\/linha-de-credito-capitalizar-2018\/\",\"name\":\"Linha de Cr\u00e9dito Capitalizar 2018 - ANEME\",\"isPartOf\":{\"@id\":\"https:\/\/www.aneme.pt\/site\/?lang=en\/#website\"},\"datePublished\":\"2018-08-17T15:11:01+00:00\",\"dateModified\":\"2018-10-29T12:24:20+00:00\",\"author\":{\"@id\":\"https:\/\/www.aneme.pt\/site\/?lang=en\/#\/schema\/person\/0956f862660352488e9990b109b6c7ec\"},\"breadcrumb\":{\"@id\":\"https:\/\/www.aneme.pt\/site\/2018\/08\/17\/linha-de-credito-capitalizar-2018\/#breadcrumb\"},\"inLanguage\":\"pt-PT\",\"potentialAction\":[{\"@type\":\"ReadAction\",\"target\":[\"https:\/\/www.aneme.pt\/site\/2018\/08\/17\/linha-de-credito-capitalizar-2018\/\"]}]},{\"@type\":\"BreadcrumbList\",\"@id\":\"https:\/\/www.aneme.pt\/site\/2018\/08\/17\/linha-de-credito-capitalizar-2018\/#breadcrumb\",\"itemListElement\":[{\"@type\":\"ListItem\",\"position\":1,\"name\":\"In\u00edcio\",\"item\":\"https:\/\/www.aneme.pt\/site\/\"},{\"@type\":\"ListItem\",\"position\":2,\"name\":\"Linha de Cr\u00e9dito Capitalizar 2018\"}]},{\"@type\":\"WebSite\",\"@id\":\"https:\/\/www.aneme.pt\/site\/?lang=en\/#website\",\"url\":\"https:\/\/www.aneme.pt\/site\/?lang=en\/\",\"name\":\"ANEME\",\"description\":\"Associa\u00e7\u00e3o Nacional das Empresas Metal\u00fargicas e Electromec\u00e2nicas\",\"potentialAction\":[{\"@type\":\"SearchAction\",\"target\":{\"@type\":\"EntryPoint\",\"urlTemplate\":\"https:\/\/www.aneme.pt\/site\/?lang=en\/?s={search_term_string}\"},\"query-input\":\"required name=search_term_string\"}],\"inLanguage\":\"pt-PT\"},{\"@type\":\"Person\",\"@id\":\"https:\/\/www.aneme.pt\/site\/?lang=en\/#\/schema\/person\/0956f862660352488e9990b109b6c7ec\",\"name\":\"marta.reis@aneme.pt\",\"url\":\"https:\/\/www.aneme.pt\/site\/author\/marta-reisaneme-pt\/\"}]}<\/script>\n<!-- \/ Yoast SEO plugin. -->","yoast_head_json":{"title":"Linha de Cr\u00e9dito Capitalizar 2018 - ANEME","robots":{"index":"index","follow":"follow","max-snippet":"max-snippet:-1","max-image-preview":"max-image-preview:large","max-video-preview":"max-video-preview:-1"},"canonical":"https:\/\/www.aneme.pt\/site\/2018\/08\/17\/linha-de-credito-capitalizar-2018\/","og_locale":"pt_PT","og_type":"article","og_title":"Linha de Cr\u00e9dito Capitalizar 2018 - ANEME","og_description":"Foi Lan\u00e7ada pelo Minist\u00e9rio da Economia, a 11 de julho de 2018, a Linha de Cr\u00e9dito Capitalizar 2018. As empresas podem contactar um dos bancos protocolados e apresentar a sua candidatura. Esta linha de cr\u00e9dito tem um montante global de 1.600 milh\u00f5es de euros e subdivide-se em cinco linhas espec\u00edficas: Linha \u201cMicro e Pequenas Empresas\u201d &#8211; [&hellip;]","og_url":"https:\/\/www.aneme.pt\/site\/2018\/08\/17\/linha-de-credito-capitalizar-2018\/","og_site_name":"ANEME","article_published_time":"2018-08-17T15:11:01+00:00","article_modified_time":"2018-10-29T12:24:20+00:00","og_image":[{"width":216,"height":154,"url":"https:\/\/www.aneme.pt\/site\/wp-content\/uploads\/2018\/10\/capitalizar1-1.png","type":"image\/png"}],"author":"marta.reis@aneme.pt","twitter_card":"summary_large_image","twitter_misc":{"Escrito por":"marta.reis@aneme.pt","Tempo estimado de leitura":"2 minutos"},"schema":{"@context":"https:\/\/schema.org","@graph":[{"@type":"WebPage","@id":"https:\/\/www.aneme.pt\/site\/2018\/08\/17\/linha-de-credito-capitalizar-2018\/","url":"https:\/\/www.aneme.pt\/site\/2018\/08\/17\/linha-de-credito-capitalizar-2018\/","name":"Linha de Cr\u00e9dito Capitalizar 2018 - ANEME","isPartOf":{"@id":"https:\/\/www.aneme.pt\/site\/?lang=en\/#website"},"datePublished":"2018-08-17T15:11:01+00:00","dateModified":"2018-10-29T12:24:20+00:00","author":{"@id":"https:\/\/www.aneme.pt\/site\/?lang=en\/#\/schema\/person\/0956f862660352488e9990b109b6c7ec"},"breadcrumb":{"@id":"https:\/\/www.aneme.pt\/site\/2018\/08\/17\/linha-de-credito-capitalizar-2018\/#breadcrumb"},"inLanguage":"pt-PT","potentialAction":[{"@type":"ReadAction","target":["https:\/\/www.aneme.pt\/site\/2018\/08\/17\/linha-de-credito-capitalizar-2018\/"]}]},{"@type":"BreadcrumbList","@id":"https:\/\/www.aneme.pt\/site\/2018\/08\/17\/linha-de-credito-capitalizar-2018\/#breadcrumb","itemListElement":[{"@type":"ListItem","position":1,"name":"In\u00edcio","item":"https:\/\/www.aneme.pt\/site\/"},{"@type":"ListItem","position":2,"name":"Linha de Cr\u00e9dito Capitalizar 2018"}]},{"@type":"WebSite","@id":"https:\/\/www.aneme.pt\/site\/?lang=en\/#website","url":"https:\/\/www.aneme.pt\/site\/?lang=en\/","name":"ANEME","description":"Associa\u00e7\u00e3o Nacional das Empresas Metal\u00fargicas e Electromec\u00e2nicas","potentialAction":[{"@type":"SearchAction","target":{"@type":"EntryPoint","urlTemplate":"https:\/\/www.aneme.pt\/site\/?lang=en\/?s={search_term_string}"},"query-input":"required name=search_term_string"}],"inLanguage":"pt-PT"},{"@type":"Person","@id":"https:\/\/www.aneme.pt\/site\/?lang=en\/#\/schema\/person\/0956f862660352488e9990b109b6c7ec","name":"marta.reis@aneme.pt","url":"https:\/\/www.aneme.pt\/site\/author\/marta-reisaneme-pt\/"}]}},"_links":{"self":[{"href":"https:\/\/www.aneme.pt\/site\/wp-json\/wp\/v2\/posts\/16519"}],"collection":[{"href":"https:\/\/www.aneme.pt\/site\/wp-json\/wp\/v2\/posts"}],"about":[{"href":"https:\/\/www.aneme.pt\/site\/wp-json\/wp\/v2\/types\/post"}],"author":[{"embeddable":true,"href":"https:\/\/www.aneme.pt\/site\/wp-json\/wp\/v2\/users\/590"}],"replies":[{"embeddable":true,"href":"https:\/\/www.aneme.pt\/site\/wp-json\/wp\/v2\/comments?post=16519"}],"version-history":[{"count":6,"href":"https:\/\/www.aneme.pt\/site\/wp-json\/wp\/v2\/posts\/16519\/revisions"}],"predecessor-version":[{"id":16527,"href":"https:\/\/www.aneme.pt\/site\/wp-json\/wp\/v2\/posts\/16519\/revisions\/16527"}],"wp:featuredmedia":[{"embeddable":true,"href":"https:\/\/www.aneme.pt\/site\/wp-json\/wp\/v2\/media\/16723"}],"wp:attachment":[{"href":"https:\/\/www.aneme.pt\/site\/wp-json\/wp\/v2\/media?parent=16519"}],"wp:term":[{"taxonomy":"category","embeddable":true,"href":"https:\/\/www.aneme.pt\/site\/wp-json\/wp\/v2\/categories?post=16519"},{"taxonomy":"post_tag","embeddable":true,"href":"https:\/\/www.aneme.pt\/site\/wp-json\/wp\/v2\/tags?post=16519"}],"curies":[{"name":"wp","href":"https:\/\/api.w.org\/{rel}","templated":true}]}}