{"id":18209,"date":"2019-01-21T14:40:00","date_gmt":"2019-01-21T14:40:00","guid":{"rendered":"https:\/\/www.aneme.pt\/site\/?p=18209"},"modified":"2020-01-20T17:46:07","modified_gmt":"2020-01-20T17:46:07","slug":"aneme-declarada-pessoa-coletiva-de-utilidade-publica","status":"publish","type":"post","link":"https:\/\/www.aneme.pt\/site\/2019\/01\/21\/aneme-declarada-pessoa-coletiva-de-utilidade-publica\/","title":{"rendered":"ANEME FOI DECLARADA PESSOA COLETIVA DE UTILIDADE P\u00daBLICA"},"content":{"rendered":"<h3>A ANEME foi declarada pessoa coletiva de utilidade p\u00fablica atrav\u00e9s do <strong>Despacho n\u00ba 793\/2019<\/strong> da Ministra da Presid\u00eancia e da Moderniza\u00e7\u00e3o Administrativa, publicado no Di\u00e1rio da Rep\u00fablica, 2\u00aa s\u00e9rie, 21 de janeiro de 2019.<\/h3>\n<h3>Para aceder ao Despacho clique no link: <a href=\"https:\/\/dre.pt\/application\/conteudo\/118011252\">https:\/\/dre.pt\/application\/conteudo\/118011252<\/a><\/h3>\n","protected":false},"excerpt":{"rendered":"<p>A ANEME foi declarada pessoa coletiva de utilidade p\u00fablica atrav\u00e9s do Despacho n\u00ba 793\/2019 da Ministra da Presid\u00eancia e da Moderniza\u00e7\u00e3o Administrativa, publicado no Di\u00e1rio da Rep\u00fablica, 2\u00aa s\u00e9rie, 21 de janeiro de 2019. Para aceder ao Despacho clique no link: https:\/\/dre.pt\/application\/conteudo\/118011252<\/p>\n","protected":false},"author":585,"featured_media":19887,"comment_status":"closed","ping_status":"closed","sticky":false,"template":"","format":"standard","meta":{"_cbd_carousel_blocks":"[]","footnotes":""},"categories":[328],"tags":[],"yoast_head":"<!-- This site is optimized with the Yoast SEO plugin v22.1 - https:\/\/yoast.com\/wordpress\/plugins\/seo\/ -->\n<title>ANEME FOI DECLARADA PESSOA COLETIVA DE UTILIDADE P\u00daBLICA - ANEME<\/title>\n<meta name=\"robots\" content=\"index, follow, max-snippet:-1, max-image-preview:large, max-video-preview:-1\" \/>\n<link rel=\"canonical\" href=\"https:\/\/www.aneme.pt\/site\/2019\/01\/21\/aneme-declarada-pessoa-coletiva-de-utilidade-publica\/\" \/>\n<meta property=\"og:locale\" content=\"pt_PT\" \/>\n<meta property=\"og:type\" content=\"article\" \/>\n<meta property=\"og:title\" content=\"ANEME FOI DECLARADA PESSOA COLETIVA DE UTILIDADE P\u00daBLICA - ANEME\" \/>\n<meta property=\"og:description\" content=\"A ANEME foi declarada pessoa coletiva de utilidade p\u00fablica atrav\u00e9s do Despacho n\u00ba 793\/2019 da Ministra da Presid\u00eancia e da Moderniza\u00e7\u00e3o Administrativa, publicado no Di\u00e1rio da Rep\u00fablica, 2\u00aa s\u00e9rie, 21 de janeiro de 2019. Para aceder ao Despacho clique no link: https:\/\/dre.pt\/application\/conteudo\/118011252\" \/>\n<meta property=\"og:url\" content=\"https:\/\/www.aneme.pt\/site\/2019\/01\/21\/aneme-declarada-pessoa-coletiva-de-utilidade-publica\/\" \/>\n<meta property=\"og:site_name\" content=\"ANEME\" \/>\n<meta property=\"article:published_time\" content=\"2019-01-21T14:40:00+00:00\" \/>\n<meta property=\"article:modified_time\" content=\"2020-01-20T17:46:07+00:00\" \/>\n<meta property=\"og:image\" content=\"https:\/\/www.aneme.pt\/site\/wp-content\/uploads\/2019\/01\/Aneme1234.jpg\" \/>\n\t<meta property=\"og:image:width\" content=\"258\" \/>\n\t<meta property=\"og:image:height\" content=\"141\" \/>\n\t<meta property=\"og:image:type\" content=\"image\/jpeg\" \/>\n<meta name=\"author\" content=\"antonio.morais@aneme.pt\" \/>\n<meta name=\"twitter:card\" content=\"summary_large_image\" \/>\n<meta name=\"twitter:label1\" content=\"Escrito por\" \/>\n\t<meta name=\"twitter:data1\" content=\"antonio.morais@aneme.pt\" \/>\n<script type=\"application\/ld+json\" class=\"yoast-schema-graph\">{\"@context\":\"https:\/\/schema.org\",\"@graph\":[{\"@type\":\"WebPage\",\"@id\":\"https:\/\/www.aneme.pt\/site\/2019\/01\/21\/aneme-declarada-pessoa-coletiva-de-utilidade-publica\/\",\"url\":\"https:\/\/www.aneme.pt\/site\/2019\/01\/21\/aneme-declarada-pessoa-coletiva-de-utilidade-publica\/\",\"name\":\"ANEME FOI DECLARADA PESSOA COLETIVA DE UTILIDADE P\u00daBLICA - ANEME\",\"isPartOf\":{\"@id\":\"https:\/\/www.aneme.pt\/site\/?lang=en\/#website\"},\"datePublished\":\"2019-01-21T14:40:00+00:00\",\"dateModified\":\"2020-01-20T17:46:07+00:00\",\"author\":{\"@id\":\"https:\/\/www.aneme.pt\/site\/?lang=en\/#\/schema\/person\/6dce1d3c8922b1cff146d96b64ddcfcf\"},\"breadcrumb\":{\"@id\":\"https:\/\/www.aneme.pt\/site\/2019\/01\/21\/aneme-declarada-pessoa-coletiva-de-utilidade-publica\/#breadcrumb\"},\"inLanguage\":\"pt-PT\",\"potentialAction\":[{\"@type\":\"ReadAction\",\"target\":[\"https:\/\/www.aneme.pt\/site\/2019\/01\/21\/aneme-declarada-pessoa-coletiva-de-utilidade-publica\/\"]}]},{\"@type\":\"BreadcrumbList\",\"@id\":\"https:\/\/www.aneme.pt\/site\/2019\/01\/21\/aneme-declarada-pessoa-coletiva-de-utilidade-publica\/#breadcrumb\",\"itemListElement\":[{\"@type\":\"ListItem\",\"position\":1,\"name\":\"In\u00edcio\",\"item\":\"https:\/\/www.aneme.pt\/site\/\"},{\"@type\":\"ListItem\",\"position\":2,\"name\":\"ANEME FOI DECLARADA PESSOA COLETIVA DE UTILIDADE P\u00daBLICA\"}]},{\"@type\":\"WebSite\",\"@id\":\"https:\/\/www.aneme.pt\/site\/?lang=en\/#website\",\"url\":\"https:\/\/www.aneme.pt\/site\/?lang=en\/\",\"name\":\"ANEME\",\"description\":\"Associa\u00e7\u00e3o Nacional das Empresas Metal\u00fargicas e Electromec\u00e2nicas\",\"potentialAction\":[{\"@type\":\"SearchAction\",\"target\":{\"@type\":\"EntryPoint\",\"urlTemplate\":\"https:\/\/www.aneme.pt\/site\/?lang=en\/?s={search_term_string}\"},\"query-input\":\"required name=search_term_string\"}],\"inLanguage\":\"pt-PT\"},{\"@type\":\"Person\",\"@id\":\"https:\/\/www.aneme.pt\/site\/?lang=en\/#\/schema\/person\/6dce1d3c8922b1cff146d96b64ddcfcf\",\"name\":\"antonio.morais@aneme.pt\",\"url\":\"https:\/\/www.aneme.pt\/site\/author\/antonio-moraisaneme-pt\/\"}]}<\/script>\n<!-- \/ Yoast SEO plugin. -->","yoast_head_json":{"title":"ANEME FOI DECLARADA PESSOA COLETIVA DE UTILIDADE P\u00daBLICA - ANEME","robots":{"index":"index","follow":"follow","max-snippet":"max-snippet:-1","max-image-preview":"max-image-preview:large","max-video-preview":"max-video-preview:-1"},"canonical":"https:\/\/www.aneme.pt\/site\/2019\/01\/21\/aneme-declarada-pessoa-coletiva-de-utilidade-publica\/","og_locale":"pt_PT","og_type":"article","og_title":"ANEME FOI DECLARADA PESSOA COLETIVA DE UTILIDADE P\u00daBLICA - ANEME","og_description":"A ANEME foi declarada pessoa coletiva de utilidade p\u00fablica atrav\u00e9s do Despacho n\u00ba 793\/2019 da Ministra da Presid\u00eancia e da Moderniza\u00e7\u00e3o Administrativa, publicado no Di\u00e1rio da Rep\u00fablica, 2\u00aa s\u00e9rie, 21 de janeiro de 2019. Para aceder ao Despacho clique no link: https:\/\/dre.pt\/application\/conteudo\/118011252","og_url":"https:\/\/www.aneme.pt\/site\/2019\/01\/21\/aneme-declarada-pessoa-coletiva-de-utilidade-publica\/","og_site_name":"ANEME","article_published_time":"2019-01-21T14:40:00+00:00","article_modified_time":"2020-01-20T17:46:07+00:00","og_image":[{"width":258,"height":141,"url":"https:\/\/www.aneme.pt\/site\/wp-content\/uploads\/2019\/01\/Aneme1234.jpg","type":"image\/jpeg"}],"author":"antonio.morais@aneme.pt","twitter_card":"summary_large_image","twitter_misc":{"Escrito por":"antonio.morais@aneme.pt"},"schema":{"@context":"https:\/\/schema.org","@graph":[{"@type":"WebPage","@id":"https:\/\/www.aneme.pt\/site\/2019\/01\/21\/aneme-declarada-pessoa-coletiva-de-utilidade-publica\/","url":"https:\/\/www.aneme.pt\/site\/2019\/01\/21\/aneme-declarada-pessoa-coletiva-de-utilidade-publica\/","name":"ANEME FOI DECLARADA PESSOA COLETIVA DE UTILIDADE P\u00daBLICA - ANEME","isPartOf":{"@id":"https:\/\/www.aneme.pt\/site\/?lang=en\/#website"},"datePublished":"2019-01-21T14:40:00+00:00","dateModified":"2020-01-20T17:46:07+00:00","author":{"@id":"https:\/\/www.aneme.pt\/site\/?lang=en\/#\/schema\/person\/6dce1d3c8922b1cff146d96b64ddcfcf"},"breadcrumb":{"@id":"https:\/\/www.aneme.pt\/site\/2019\/01\/21\/aneme-declarada-pessoa-coletiva-de-utilidade-publica\/#breadcrumb"},"inLanguage":"pt-PT","potentialAction":[{"@type":"ReadAction","target":["https:\/\/www.aneme.pt\/site\/2019\/01\/21\/aneme-declarada-pessoa-coletiva-de-utilidade-publica\/"]}]},{"@type":"BreadcrumbList","@id":"https:\/\/www.aneme.pt\/site\/2019\/01\/21\/aneme-declarada-pessoa-coletiva-de-utilidade-publica\/#breadcrumb","itemListElement":[{"@type":"ListItem","position":1,"name":"In\u00edcio","item":"https:\/\/www.aneme.pt\/site\/"},{"@type":"ListItem","position":2,"name":"ANEME FOI DECLARADA PESSOA COLETIVA DE UTILIDADE P\u00daBLICA"}]},{"@type":"WebSite","@id":"https:\/\/www.aneme.pt\/site\/?lang=en\/#website","url":"https:\/\/www.aneme.pt\/site\/?lang=en\/","name":"ANEME","description":"Associa\u00e7\u00e3o Nacional das Empresas Metal\u00fargicas e Electromec\u00e2nicas","potentialAction":[{"@type":"SearchAction","target":{"@type":"EntryPoint","urlTemplate":"https:\/\/www.aneme.pt\/site\/?lang=en\/?s={search_term_string}"},"query-input":"required name=search_term_string"}],"inLanguage":"pt-PT"},{"@type":"Person","@id":"https:\/\/www.aneme.pt\/site\/?lang=en\/#\/schema\/person\/6dce1d3c8922b1cff146d96b64ddcfcf","name":"antonio.morais@aneme.pt","url":"https:\/\/www.aneme.pt\/site\/author\/antonio-moraisaneme-pt\/"}]}},"_links":{"self":[{"href":"https:\/\/www.aneme.pt\/site\/wp-json\/wp\/v2\/posts\/18209"}],"collection":[{"href":"https:\/\/www.aneme.pt\/site\/wp-json\/wp\/v2\/posts"}],"about":[{"href":"https:\/\/www.aneme.pt\/site\/wp-json\/wp\/v2\/types\/post"}],"author":[{"embeddable":true,"href":"https:\/\/www.aneme.pt\/site\/wp-json\/wp\/v2\/users\/585"}],"replies":[{"embeddable":true,"href":"https:\/\/www.aneme.pt\/site\/wp-json\/wp\/v2\/comments?post=18209"}],"version-history":[{"count":4,"href":"https:\/\/www.aneme.pt\/site\/wp-json\/wp\/v2\/posts\/18209\/revisions"}],"predecessor-version":[{"id":18396,"href":"https:\/\/www.aneme.pt\/site\/wp-json\/wp\/v2\/posts\/18209\/revisions\/18396"}],"wp:featuredmedia":[{"embeddable":true,"href":"https:\/\/www.aneme.pt\/site\/wp-json\/wp\/v2\/media\/19887"}],"wp:attachment":[{"href":"https:\/\/www.aneme.pt\/site\/wp-json\/wp\/v2\/media?parent=18209"}],"wp:term":[{"taxonomy":"category","embeddable":true,"href":"https:\/\/www.aneme.pt\/site\/wp-json\/wp\/v2\/categories?post=18209"},{"taxonomy":"post_tag","embeddable":true,"href":"https:\/\/www.aneme.pt\/site\/wp-json\/wp\/v2\/tags?post=18209"}],"curies":[{"name":"wp","href":"https:\/\/api.w.org\/{rel}","templated":true}]}}