{"id":20245,"date":"2020-03-16T14:15:04","date_gmt":"2020-03-16T14:15:04","guid":{"rendered":"https:\/\/www.aneme.pt\/site\/?p=20245"},"modified":"2020-03-16T14:17:14","modified_gmt":"2020-03-16T14:17:14","slug":"comunicado-gip-aneme-covid-19","status":"publish","type":"post","link":"https:\/\/www.aneme.pt\/site\/2020\/03\/16\/comunicado-gip-aneme-covid-19\/","title":{"rendered":"COMUNICADO GIP ANEME &#8211; COVID 19"},"content":{"rendered":"<p style=\"text-align: justify; text-justify: inter-ideograph; background: white; margin: 4.5pt 0cm 4.5pt 0cm;\"><span style=\"font-size: 16.0pt; color: #1c1e21;\">Atento \u00e0s \u00faltimas medidas adotadas e comunicadas pelo Governo Portugu\u00eas, no \u00e2mbito da pandemia COVID-19 e na sequ\u00eancia do Comunicado do IEFP, o GIP da ANEME informa que est\u00e3o suspensos os atendimentos presenciais<b>, a partir de segunda-feira, 16 de mar\u00e7o<\/b>, <b>at\u00e9 9 de abril<\/b>, data em que a situa\u00e7\u00e3o ser\u00e1 reavaliada.<\/span><\/p>\n<p style=\"text-align: justify; text-justify: inter-ideograph; background: white; margin: 4.5pt 0cm 4.5pt 0cm;\"><span style=\"font-size: 16.0pt; color: #1c1e21;\">\u00a0<\/span><\/p>\n<p style=\"text-align: justify; text-justify: inter-ideograph; background: white; margin: 0cm 0cm 4.5pt 0cm;\"><span style=\"font-size: 16.0pt; color: #1c1e21;\">Assim, poder\u00e1 contactar o GIP da ANEME atrav\u00e9s do email: gip@aneme.pt<\/span><\/p>\n","protected":false},"excerpt":{"rendered":"<p>Atento \u00e0s \u00faltimas medidas adotadas e comunicadas pelo Governo Portugu\u00eas, no \u00e2mbito da pandemia COVID-19 e na sequ\u00eancia do Comunicado do IEFP, o GIP da ANEME informa que est\u00e3o suspensos os atendimentos presenciais, a partir de segunda-feira, 16 de mar\u00e7o, at\u00e9 9 de abril, data em que a situa\u00e7\u00e3o ser\u00e1 reavaliada. \u00a0 Assim, poder\u00e1 contactar o [&hellip;]<\/p>\n","protected":false},"author":585,"featured_media":20247,"comment_status":"closed","ping_status":"closed","sticky":false,"template":"","format":"standard","meta":{"_cbd_carousel_blocks":"[]","footnotes":""},"categories":[328],"tags":[],"yoast_head":"<!-- This site is optimized with the Yoast SEO plugin v22.1 - https:\/\/yoast.com\/wordpress\/plugins\/seo\/ -->\n<title>COMUNICADO GIP ANEME - COVID 19 - ANEME<\/title>\n<meta name=\"robots\" content=\"index, follow, max-snippet:-1, max-image-preview:large, max-video-preview:-1\" \/>\n<link rel=\"canonical\" href=\"https:\/\/www.aneme.pt\/site\/2020\/03\/16\/comunicado-gip-aneme-covid-19\/\" \/>\n<meta property=\"og:locale\" content=\"pt_PT\" \/>\n<meta property=\"og:type\" content=\"article\" \/>\n<meta property=\"og:title\" content=\"COMUNICADO GIP ANEME - COVID 19 - ANEME\" \/>\n<meta property=\"og:description\" content=\"Atento \u00e0s \u00faltimas medidas adotadas e comunicadas pelo Governo Portugu\u00eas, no \u00e2mbito da pandemia COVID-19 e na sequ\u00eancia do Comunicado do IEFP, o GIP da ANEME informa que est\u00e3o suspensos os atendimentos presenciais, a partir de segunda-feira, 16 de mar\u00e7o, at\u00e9 9 de abril, data em que a situa\u00e7\u00e3o ser\u00e1 reavaliada. \u00a0 Assim, poder\u00e1 contactar o [&hellip;]\" \/>\n<meta property=\"og:url\" content=\"https:\/\/www.aneme.pt\/site\/2020\/03\/16\/comunicado-gip-aneme-covid-19\/\" \/>\n<meta property=\"og:site_name\" content=\"ANEME\" \/>\n<meta property=\"article:published_time\" content=\"2020-03-16T14:15:04+00:00\" \/>\n<meta property=\"article:modified_time\" content=\"2020-03-16T14:17:14+00:00\" \/>\n<meta property=\"og:image\" content=\"https:\/\/www.aneme.pt\/site\/wp-content\/uploads\/2020\/03\/gip.png\" \/>\n\t<meta property=\"og:image:width\" content=\"352\" \/>\n\t<meta property=\"og:image:height\" content=\"123\" \/>\n\t<meta property=\"og:image:type\" content=\"image\/png\" \/>\n<meta name=\"author\" content=\"antonio.morais@aneme.pt\" \/>\n<meta name=\"twitter:card\" content=\"summary_large_image\" \/>\n<meta name=\"twitter:label1\" content=\"Escrito por\" \/>\n\t<meta name=\"twitter:data1\" content=\"antonio.morais@aneme.pt\" \/>\n<script type=\"application\/ld+json\" class=\"yoast-schema-graph\">{\"@context\":\"https:\/\/schema.org\",\"@graph\":[{\"@type\":\"WebPage\",\"@id\":\"https:\/\/www.aneme.pt\/site\/2020\/03\/16\/comunicado-gip-aneme-covid-19\/\",\"url\":\"https:\/\/www.aneme.pt\/site\/2020\/03\/16\/comunicado-gip-aneme-covid-19\/\",\"name\":\"COMUNICADO GIP ANEME - COVID 19 - ANEME\",\"isPartOf\":{\"@id\":\"https:\/\/www.aneme.pt\/site\/?lang=en\/#website\"},\"datePublished\":\"2020-03-16T14:15:04+00:00\",\"dateModified\":\"2020-03-16T14:17:14+00:00\",\"author\":{\"@id\":\"https:\/\/www.aneme.pt\/site\/?lang=en\/#\/schema\/person\/6dce1d3c8922b1cff146d96b64ddcfcf\"},\"breadcrumb\":{\"@id\":\"https:\/\/www.aneme.pt\/site\/2020\/03\/16\/comunicado-gip-aneme-covid-19\/#breadcrumb\"},\"inLanguage\":\"pt-PT\",\"potentialAction\":[{\"@type\":\"ReadAction\",\"target\":[\"https:\/\/www.aneme.pt\/site\/2020\/03\/16\/comunicado-gip-aneme-covid-19\/\"]}]},{\"@type\":\"BreadcrumbList\",\"@id\":\"https:\/\/www.aneme.pt\/site\/2020\/03\/16\/comunicado-gip-aneme-covid-19\/#breadcrumb\",\"itemListElement\":[{\"@type\":\"ListItem\",\"position\":1,\"name\":\"In\u00edcio\",\"item\":\"https:\/\/www.aneme.pt\/site\/\"},{\"@type\":\"ListItem\",\"position\":2,\"name\":\"COMUNICADO GIP ANEME &#8211; COVID 19\"}]},{\"@type\":\"WebSite\",\"@id\":\"https:\/\/www.aneme.pt\/site\/?lang=en\/#website\",\"url\":\"https:\/\/www.aneme.pt\/site\/?lang=en\/\",\"name\":\"ANEME\",\"description\":\"Associa\u00e7\u00e3o Nacional das Empresas Metal\u00fargicas e Electromec\u00e2nicas\",\"potentialAction\":[{\"@type\":\"SearchAction\",\"target\":{\"@type\":\"EntryPoint\",\"urlTemplate\":\"https:\/\/www.aneme.pt\/site\/?lang=en\/?s={search_term_string}\"},\"query-input\":\"required name=search_term_string\"}],\"inLanguage\":\"pt-PT\"},{\"@type\":\"Person\",\"@id\":\"https:\/\/www.aneme.pt\/site\/?lang=en\/#\/schema\/person\/6dce1d3c8922b1cff146d96b64ddcfcf\",\"name\":\"antonio.morais@aneme.pt\",\"url\":\"https:\/\/www.aneme.pt\/site\/author\/antonio-moraisaneme-pt\/\"}]}<\/script>\n<!-- \/ Yoast SEO plugin. -->","yoast_head_json":{"title":"COMUNICADO GIP ANEME - COVID 19 - ANEME","robots":{"index":"index","follow":"follow","max-snippet":"max-snippet:-1","max-image-preview":"max-image-preview:large","max-video-preview":"max-video-preview:-1"},"canonical":"https:\/\/www.aneme.pt\/site\/2020\/03\/16\/comunicado-gip-aneme-covid-19\/","og_locale":"pt_PT","og_type":"article","og_title":"COMUNICADO GIP ANEME - COVID 19 - ANEME","og_description":"Atento \u00e0s \u00faltimas medidas adotadas e comunicadas pelo Governo Portugu\u00eas, no \u00e2mbito da pandemia COVID-19 e na sequ\u00eancia do Comunicado do IEFP, o GIP da ANEME informa que est\u00e3o suspensos os atendimentos presenciais, a partir de segunda-feira, 16 de mar\u00e7o, at\u00e9 9 de abril, data em que a situa\u00e7\u00e3o ser\u00e1 reavaliada. \u00a0 Assim, poder\u00e1 contactar o [&hellip;]","og_url":"https:\/\/www.aneme.pt\/site\/2020\/03\/16\/comunicado-gip-aneme-covid-19\/","og_site_name":"ANEME","article_published_time":"2020-03-16T14:15:04+00:00","article_modified_time":"2020-03-16T14:17:14+00:00","og_image":[{"width":352,"height":123,"url":"https:\/\/www.aneme.pt\/site\/wp-content\/uploads\/2020\/03\/gip.png","type":"image\/png"}],"author":"antonio.morais@aneme.pt","twitter_card":"summary_large_image","twitter_misc":{"Escrito por":"antonio.morais@aneme.pt"},"schema":{"@context":"https:\/\/schema.org","@graph":[{"@type":"WebPage","@id":"https:\/\/www.aneme.pt\/site\/2020\/03\/16\/comunicado-gip-aneme-covid-19\/","url":"https:\/\/www.aneme.pt\/site\/2020\/03\/16\/comunicado-gip-aneme-covid-19\/","name":"COMUNICADO GIP ANEME - COVID 19 - ANEME","isPartOf":{"@id":"https:\/\/www.aneme.pt\/site\/?lang=en\/#website"},"datePublished":"2020-03-16T14:15:04+00:00","dateModified":"2020-03-16T14:17:14+00:00","author":{"@id":"https:\/\/www.aneme.pt\/site\/?lang=en\/#\/schema\/person\/6dce1d3c8922b1cff146d96b64ddcfcf"},"breadcrumb":{"@id":"https:\/\/www.aneme.pt\/site\/2020\/03\/16\/comunicado-gip-aneme-covid-19\/#breadcrumb"},"inLanguage":"pt-PT","potentialAction":[{"@type":"ReadAction","target":["https:\/\/www.aneme.pt\/site\/2020\/03\/16\/comunicado-gip-aneme-covid-19\/"]}]},{"@type":"BreadcrumbList","@id":"https:\/\/www.aneme.pt\/site\/2020\/03\/16\/comunicado-gip-aneme-covid-19\/#breadcrumb","itemListElement":[{"@type":"ListItem","position":1,"name":"In\u00edcio","item":"https:\/\/www.aneme.pt\/site\/"},{"@type":"ListItem","position":2,"name":"COMUNICADO GIP ANEME &#8211; COVID 19"}]},{"@type":"WebSite","@id":"https:\/\/www.aneme.pt\/site\/?lang=en\/#website","url":"https:\/\/www.aneme.pt\/site\/?lang=en\/","name":"ANEME","description":"Associa\u00e7\u00e3o Nacional das Empresas Metal\u00fargicas e Electromec\u00e2nicas","potentialAction":[{"@type":"SearchAction","target":{"@type":"EntryPoint","urlTemplate":"https:\/\/www.aneme.pt\/site\/?lang=en\/?s={search_term_string}"},"query-input":"required name=search_term_string"}],"inLanguage":"pt-PT"},{"@type":"Person","@id":"https:\/\/www.aneme.pt\/site\/?lang=en\/#\/schema\/person\/6dce1d3c8922b1cff146d96b64ddcfcf","name":"antonio.morais@aneme.pt","url":"https:\/\/www.aneme.pt\/site\/author\/antonio-moraisaneme-pt\/"}]}},"_links":{"self":[{"href":"https:\/\/www.aneme.pt\/site\/wp-json\/wp\/v2\/posts\/20245"}],"collection":[{"href":"https:\/\/www.aneme.pt\/site\/wp-json\/wp\/v2\/posts"}],"about":[{"href":"https:\/\/www.aneme.pt\/site\/wp-json\/wp\/v2\/types\/post"}],"author":[{"embeddable":true,"href":"https:\/\/www.aneme.pt\/site\/wp-json\/wp\/v2\/users\/585"}],"replies":[{"embeddable":true,"href":"https:\/\/www.aneme.pt\/site\/wp-json\/wp\/v2\/comments?post=20245"}],"version-history":[{"count":1,"href":"https:\/\/www.aneme.pt\/site\/wp-json\/wp\/v2\/posts\/20245\/revisions"}],"predecessor-version":[{"id":20246,"href":"https:\/\/www.aneme.pt\/site\/wp-json\/wp\/v2\/posts\/20245\/revisions\/20246"}],"wp:featuredmedia":[{"embeddable":true,"href":"https:\/\/www.aneme.pt\/site\/wp-json\/wp\/v2\/media\/20247"}],"wp:attachment":[{"href":"https:\/\/www.aneme.pt\/site\/wp-json\/wp\/v2\/media?parent=20245"}],"wp:term":[{"taxonomy":"category","embeddable":true,"href":"https:\/\/www.aneme.pt\/site\/wp-json\/wp\/v2\/categories?post=20245"},{"taxonomy":"post_tag","embeddable":true,"href":"https:\/\/www.aneme.pt\/site\/wp-json\/wp\/v2\/tags?post=20245"}],"curies":[{"name":"wp","href":"https:\/\/api.w.org\/{rel}","templated":true}]}}