{"id":21605,"date":"2020-11-03T11:36:48","date_gmt":"2020-11-03T11:36:48","guid":{"rendered":"https:\/\/www.aneme.pt\/site\/?p=21605"},"modified":"2021-03-08T15:57:38","modified_gmt":"2021-03-08T15:57:38","slug":"valor-metal-2","status":"publish","type":"post","link":"https:\/\/www.aneme.pt\/site\/2020\/11\/03\/valor-metal-2\/","title":{"rendered":"Valor Metal 2 inova\u00e7\u00e3o e sustentabilidade do setor Metal\u00fargico e Eletromec\u00e2nico consulte a newsletter aqui"},"content":{"rendered":"<div>Sabia que a ANEME, no \u00e2mbito do Projeto VALOR METAL 2, refor\u00e7a o seu compromisso no apoio \u00e0 inova\u00e7\u00e3o e sustentabilidade do setor Metal\u00fargico e Eletromec\u00e2nico?<\/div>\n<div>Descubra mais acerca das atividades e eventos desenvolvidos, integrados na Estrat\u00e9gia para a Sustentabilidade, Economia Circular, Efici\u00eancia Ambiental e Digitaliza\u00e7\u00e3o 2021.<\/div>\n<p>Consulte a newsletter <a href=\"http:\/\/www.valormetal2.pt\/newsletter\/\">aqui<\/a><\/p>\n<p>&nbsp;<\/p>\n","protected":false},"excerpt":{"rendered":"<p>Sabia que a ANEME, no \u00e2mbito do Projeto VALOR METAL 2, refor\u00e7a o seu compromisso no apoio \u00e0 inova\u00e7\u00e3o e sustentabilidade do setor Metal\u00fargico e Eletromec\u00e2nico? Descubra mais acerca das atividades e eventos desenvolvidos, integrados na Estrat\u00e9gia para a Sustentabilidade, Economia Circular, Efici\u00eancia Ambiental e Digitaliza\u00e7\u00e3o 2021. Consulte a newsletter aqui &nbsp;<\/p>\n","protected":false},"author":585,"featured_media":21644,"comment_status":"closed","ping_status":"closed","sticky":false,"template":"","format":"standard","meta":{"_cbd_carousel_blocks":"[]","footnotes":""},"categories":[328],"tags":[],"yoast_head":"<!-- This site is optimized with the Yoast SEO plugin v22.1 - https:\/\/yoast.com\/wordpress\/plugins\/seo\/ -->\n<title>Valor Metal 2 inova\u00e7\u00e3o e sustentabilidade do setor Metal\u00fargico e Eletromec\u00e2nico consulte a newsletter aqui - ANEME<\/title>\n<meta name=\"robots\" content=\"index, follow, max-snippet:-1, max-image-preview:large, max-video-preview:-1\" \/>\n<link rel=\"canonical\" href=\"https:\/\/www.aneme.pt\/site\/2020\/11\/03\/valor-metal-2\/\" \/>\n<meta property=\"og:locale\" content=\"pt_PT\" \/>\n<meta property=\"og:type\" content=\"article\" \/>\n<meta property=\"og:title\" content=\"Valor Metal 2 inova\u00e7\u00e3o e sustentabilidade do setor Metal\u00fargico e Eletromec\u00e2nico consulte a newsletter aqui - ANEME\" \/>\n<meta property=\"og:description\" content=\"Sabia que a ANEME, no \u00e2mbito do Projeto VALOR METAL 2, refor\u00e7a o seu compromisso no apoio \u00e0 inova\u00e7\u00e3o e sustentabilidade do setor Metal\u00fargico e Eletromec\u00e2nico? Descubra mais acerca das atividades e eventos desenvolvidos, integrados na Estrat\u00e9gia para a Sustentabilidade, Economia Circular, Efici\u00eancia Ambiental e Digitaliza\u00e7\u00e3o 2021. Consulte a newsletter aqui &nbsp;\" \/>\n<meta property=\"og:url\" content=\"https:\/\/www.aneme.pt\/site\/2020\/11\/03\/valor-metal-2\/\" \/>\n<meta property=\"og:site_name\" content=\"ANEME\" \/>\n<meta property=\"article:published_time\" content=\"2020-11-03T11:36:48+00:00\" \/>\n<meta property=\"article:modified_time\" content=\"2021-03-08T15:57:38+00:00\" \/>\n<meta property=\"og:image\" content=\"https:\/\/www.aneme.pt\/site\/wp-content\/uploads\/2020\/11\/newsletter2-3.jpg\" \/>\n\t<meta property=\"og:image:width\" content=\"400\" \/>\n\t<meta property=\"og:image:height\" content=\"280\" \/>\n\t<meta property=\"og:image:type\" content=\"image\/jpeg\" \/>\n<meta name=\"author\" content=\"antonio.morais@aneme.pt\" \/>\n<meta name=\"twitter:card\" content=\"summary_large_image\" \/>\n<meta name=\"twitter:label1\" content=\"Escrito por\" \/>\n\t<meta name=\"twitter:data1\" content=\"antonio.morais@aneme.pt\" \/>\n<script type=\"application\/ld+json\" class=\"yoast-schema-graph\">{\"@context\":\"https:\/\/schema.org\",\"@graph\":[{\"@type\":\"WebPage\",\"@id\":\"https:\/\/www.aneme.pt\/site\/2020\/11\/03\/valor-metal-2\/\",\"url\":\"https:\/\/www.aneme.pt\/site\/2020\/11\/03\/valor-metal-2\/\",\"name\":\"Valor Metal 2 inova\u00e7\u00e3o e sustentabilidade do setor Metal\u00fargico e Eletromec\u00e2nico consulte a newsletter aqui - ANEME\",\"isPartOf\":{\"@id\":\"https:\/\/www.aneme.pt\/site\/?lang=en\/#website\"},\"datePublished\":\"2020-11-03T11:36:48+00:00\",\"dateModified\":\"2021-03-08T15:57:38+00:00\",\"author\":{\"@id\":\"https:\/\/www.aneme.pt\/site\/?lang=en\/#\/schema\/person\/6dce1d3c8922b1cff146d96b64ddcfcf\"},\"breadcrumb\":{\"@id\":\"https:\/\/www.aneme.pt\/site\/2020\/11\/03\/valor-metal-2\/#breadcrumb\"},\"inLanguage\":\"pt-PT\",\"potentialAction\":[{\"@type\":\"ReadAction\",\"target\":[\"https:\/\/www.aneme.pt\/site\/2020\/11\/03\/valor-metal-2\/\"]}]},{\"@type\":\"BreadcrumbList\",\"@id\":\"https:\/\/www.aneme.pt\/site\/2020\/11\/03\/valor-metal-2\/#breadcrumb\",\"itemListElement\":[{\"@type\":\"ListItem\",\"position\":1,\"name\":\"In\u00edcio\",\"item\":\"https:\/\/www.aneme.pt\/site\/\"},{\"@type\":\"ListItem\",\"position\":2,\"name\":\"Valor Metal 2 inova\u00e7\u00e3o e sustentabilidade do setor Metal\u00fargico e Eletromec\u00e2nico consulte a newsletter aqui\"}]},{\"@type\":\"WebSite\",\"@id\":\"https:\/\/www.aneme.pt\/site\/?lang=en\/#website\",\"url\":\"https:\/\/www.aneme.pt\/site\/?lang=en\/\",\"name\":\"ANEME\",\"description\":\"Associa\u00e7\u00e3o Nacional das Empresas Metal\u00fargicas e Electromec\u00e2nicas\",\"potentialAction\":[{\"@type\":\"SearchAction\",\"target\":{\"@type\":\"EntryPoint\",\"urlTemplate\":\"https:\/\/www.aneme.pt\/site\/?lang=en\/?s={search_term_string}\"},\"query-input\":\"required name=search_term_string\"}],\"inLanguage\":\"pt-PT\"},{\"@type\":\"Person\",\"@id\":\"https:\/\/www.aneme.pt\/site\/?lang=en\/#\/schema\/person\/6dce1d3c8922b1cff146d96b64ddcfcf\",\"name\":\"antonio.morais@aneme.pt\",\"url\":\"https:\/\/www.aneme.pt\/site\/author\/antonio-moraisaneme-pt\/\"}]}<\/script>\n<!-- \/ Yoast SEO plugin. -->","yoast_head_json":{"title":"Valor Metal 2 inova\u00e7\u00e3o e sustentabilidade do setor Metal\u00fargico e Eletromec\u00e2nico consulte a newsletter aqui - ANEME","robots":{"index":"index","follow":"follow","max-snippet":"max-snippet:-1","max-image-preview":"max-image-preview:large","max-video-preview":"max-video-preview:-1"},"canonical":"https:\/\/www.aneme.pt\/site\/2020\/11\/03\/valor-metal-2\/","og_locale":"pt_PT","og_type":"article","og_title":"Valor Metal 2 inova\u00e7\u00e3o e sustentabilidade do setor Metal\u00fargico e Eletromec\u00e2nico consulte a newsletter aqui - ANEME","og_description":"Sabia que a ANEME, no \u00e2mbito do Projeto VALOR METAL 2, refor\u00e7a o seu compromisso no apoio \u00e0 inova\u00e7\u00e3o e sustentabilidade do setor Metal\u00fargico e Eletromec\u00e2nico? Descubra mais acerca das atividades e eventos desenvolvidos, integrados na Estrat\u00e9gia para a Sustentabilidade, Economia Circular, Efici\u00eancia Ambiental e Digitaliza\u00e7\u00e3o 2021. Consulte a newsletter aqui &nbsp;","og_url":"https:\/\/www.aneme.pt\/site\/2020\/11\/03\/valor-metal-2\/","og_site_name":"ANEME","article_published_time":"2020-11-03T11:36:48+00:00","article_modified_time":"2021-03-08T15:57:38+00:00","og_image":[{"width":400,"height":280,"url":"https:\/\/www.aneme.pt\/site\/wp-content\/uploads\/2020\/11\/newsletter2-3.jpg","type":"image\/jpeg"}],"author":"antonio.morais@aneme.pt","twitter_card":"summary_large_image","twitter_misc":{"Escrito por":"antonio.morais@aneme.pt"},"schema":{"@context":"https:\/\/schema.org","@graph":[{"@type":"WebPage","@id":"https:\/\/www.aneme.pt\/site\/2020\/11\/03\/valor-metal-2\/","url":"https:\/\/www.aneme.pt\/site\/2020\/11\/03\/valor-metal-2\/","name":"Valor Metal 2 inova\u00e7\u00e3o e sustentabilidade do setor Metal\u00fargico e Eletromec\u00e2nico consulte a newsletter aqui - ANEME","isPartOf":{"@id":"https:\/\/www.aneme.pt\/site\/?lang=en\/#website"},"datePublished":"2020-11-03T11:36:48+00:00","dateModified":"2021-03-08T15:57:38+00:00","author":{"@id":"https:\/\/www.aneme.pt\/site\/?lang=en\/#\/schema\/person\/6dce1d3c8922b1cff146d96b64ddcfcf"},"breadcrumb":{"@id":"https:\/\/www.aneme.pt\/site\/2020\/11\/03\/valor-metal-2\/#breadcrumb"},"inLanguage":"pt-PT","potentialAction":[{"@type":"ReadAction","target":["https:\/\/www.aneme.pt\/site\/2020\/11\/03\/valor-metal-2\/"]}]},{"@type":"BreadcrumbList","@id":"https:\/\/www.aneme.pt\/site\/2020\/11\/03\/valor-metal-2\/#breadcrumb","itemListElement":[{"@type":"ListItem","position":1,"name":"In\u00edcio","item":"https:\/\/www.aneme.pt\/site\/"},{"@type":"ListItem","position":2,"name":"Valor Metal 2 inova\u00e7\u00e3o e sustentabilidade do setor Metal\u00fargico e Eletromec\u00e2nico consulte a newsletter aqui"}]},{"@type":"WebSite","@id":"https:\/\/www.aneme.pt\/site\/?lang=en\/#website","url":"https:\/\/www.aneme.pt\/site\/?lang=en\/","name":"ANEME","description":"Associa\u00e7\u00e3o Nacional das Empresas Metal\u00fargicas e Electromec\u00e2nicas","potentialAction":[{"@type":"SearchAction","target":{"@type":"EntryPoint","urlTemplate":"https:\/\/www.aneme.pt\/site\/?lang=en\/?s={search_term_string}"},"query-input":"required name=search_term_string"}],"inLanguage":"pt-PT"},{"@type":"Person","@id":"https:\/\/www.aneme.pt\/site\/?lang=en\/#\/schema\/person\/6dce1d3c8922b1cff146d96b64ddcfcf","name":"antonio.morais@aneme.pt","url":"https:\/\/www.aneme.pt\/site\/author\/antonio-moraisaneme-pt\/"}]}},"_links":{"self":[{"href":"https:\/\/www.aneme.pt\/site\/wp-json\/wp\/v2\/posts\/21605"}],"collection":[{"href":"https:\/\/www.aneme.pt\/site\/wp-json\/wp\/v2\/posts"}],"about":[{"href":"https:\/\/www.aneme.pt\/site\/wp-json\/wp\/v2\/types\/post"}],"author":[{"embeddable":true,"href":"https:\/\/www.aneme.pt\/site\/wp-json\/wp\/v2\/users\/585"}],"replies":[{"embeddable":true,"href":"https:\/\/www.aneme.pt\/site\/wp-json\/wp\/v2\/comments?post=21605"}],"version-history":[{"count":10,"href":"https:\/\/www.aneme.pt\/site\/wp-json\/wp\/v2\/posts\/21605\/revisions"}],"predecessor-version":[{"id":22170,"href":"https:\/\/www.aneme.pt\/site\/wp-json\/wp\/v2\/posts\/21605\/revisions\/22170"}],"wp:featuredmedia":[{"embeddable":true,"href":"https:\/\/www.aneme.pt\/site\/wp-json\/wp\/v2\/media\/21644"}],"wp:attachment":[{"href":"https:\/\/www.aneme.pt\/site\/wp-json\/wp\/v2\/media?parent=21605"}],"wp:term":[{"taxonomy":"category","embeddable":true,"href":"https:\/\/www.aneme.pt\/site\/wp-json\/wp\/v2\/categories?post=21605"},{"taxonomy":"post_tag","embeddable":true,"href":"https:\/\/www.aneme.pt\/site\/wp-json\/wp\/v2\/tags?post=21605"}],"curies":[{"name":"wp","href":"https:\/\/api.w.org\/{rel}","templated":true}]}}